[{"@context":"https:\/\/schema.org\/","@type":"Article","@id":"https:\/\/teit.cz\/dnes-nejsou-moderni-jen-zaluzie-ale-i-zavesy\/#Article","mainEntityOfPage":"https:\/\/teit.cz\/dnes-nejsou-moderni-jen-zaluzie-ale-i-zavesy\/","headline":"Dnes nejsou modern\u00ed jen \u017ealuzie, ale i z\u00e1v\u011bsy","name":"Dnes nejsou modern\u00ed jen \u017ealuzie, ale i z\u00e1v\u011bsy","description":"Sh\u00e1n\u00edte kvalitn\u00ed a prov\u011b\u0159en\u00e9, kter\u00e9 by perfektn\u011b zdobili va\u0161e okna a chr\u00e1nili v\u00e1s p\u0159ed ciz\u00edmi pohledy zven\u010d\u00ed? Pokud ano, tak nev\u00e1hejte a nakupujte kvalitn\u00ed a kr\u00e1sn\u00e9 od n\u00e1s, kter\u00e9 se v\u00e1m zal\u00edb\u00ed ji\u017e na prvn\u00ed pohled. se hod\u00ed do v\u0161ech oken, proto\u017ee pln\u00ed mnoho funkc\u00ed zar\u00e1z. Nejd\u016fle\u017eit\u011bj\u0161\u00ed funkc\u00ed je to, \u017ee skv\u011bl\u00e9 st\u00edn\u00ed a elegantn\u011b &hellip; ","datePublished":"2025-04-20","dateModified":"2025-04-20","author":{"@type":"Person","@id":"https:\/\/teit.cz\/author\/#Person","name":"","url":"https:\/\/teit.cz\/author\/","identifier":1,"image":{"@type":"ImageObject","@id":"https:\/\/secure.gravatar.com\/avatar\/2d2e3fdaba6370eba756fb4048c695326686ff29010a0df4d58b27c20544521d?s=96&d=mm&r=g","url":"https:\/\/secure.gravatar.com\/avatar\/2d2e3fdaba6370eba756fb4048c695326686ff29010a0df4d58b27c20544521d?s=96&d=mm&r=g","height":96,"width":96}},"publisher":{"@type":"Organization","name":"teit.cz","logo":{"@type":"ImageObject","@id":"\/logo.png","url":"\/logo.png","width":600,"height":60}},"url":"https:\/\/teit.cz\/dnes-nejsou-moderni-jen-zaluzie-ale-i-zavesy\/","wordCount":172,"articleBody":"Sh\u00e1n\u00edte kvalitn\u00ed a prov\u011b\u0159en\u00e9, kter\u00e9 by perfektn\u011b zdobili va\u0161e okna a chr\u00e1nili v\u00e1s p\u0159ed ciz\u00edmi pohledy zven\u010d\u00ed? Pokud ano, tak nev\u00e1hejte a nakupujte kvalitn\u00ed a kr\u00e1sn\u00e9 od n\u00e1s, kter\u00e9 se v\u00e1m zal\u00edb\u00ed ji\u017e na prvn\u00ed pohled. se hod\u00ed do v\u0161ech oken, proto\u017ee pln\u00ed mnoho funkc\u00ed zar\u00e1z. Nejd\u016fle\u017eit\u011bj\u0161\u00ed funkc\u00ed je to, \u017ee skv\u011bl\u00e9 st\u00edn\u00ed a elegantn\u011b v\u00e1s stran\u00ed od pohled\u016f lid\u00ed, kte\u0159\u00ed proch\u00e1zej\u00ed kolem va\u0161eho dom\u016f. Samoz\u0159ejm\u011b maj\u00ed tak\u00e9 funkci estetickou, proto\u017ee perfektn\u011b dotv\u00e1\u0159\u00ed design cel\u00e9ho interi\u00e9ru.B\u00e1je\u010dn\u00e9 cenyPokud si mysl\u00edte, \u017ee kvalitn\u00ed z\u00e1v\u011bsy, kter\u00e9 jsou vyrobeny z vysoce kvalitn\u00edch materi\u00e1l\u016f, v\u00e1s p\u0159ijdou na bal\u00edk, tak se nenechejte zm\u00fdlit. U n\u00e1s najdete skv\u011bl\u00e9 Z\u00e1v\u011bsy vhodn\u00e9 do v\u0161ech oken, a to nav\u00edc za opravdu skv\u011bl\u00e9 ceny, kter\u00e9 jsou p\u0159\u00edzniv\u00e9 pro v\u0161echny a kter\u00e9 si zamilujete.                                                                                                                                                                                                                                                                                                                                                                                                "},{"@context":"https:\/\/schema.org\/","@type":"BreadcrumbList","itemListElement":[{"@type":"ListItem","position":1,"name":"Dnes nejsou modern\u00ed jen \u017ealuzie, ale i z\u00e1v\u011bsy","item":"https:\/\/teit.cz\/dnes-nejsou-moderni-jen-zaluzie-ale-i-zavesy\/#breadcrumbitem"}]}]