[{"@context":"https:\/\/schema.org\/","@type":"Article","@id":"https:\/\/teit.cz\/do-noveho-bytu-s-profesionalni-sluzbou\/#Article","mainEntityOfPage":"https:\/\/teit.cz\/do-noveho-bytu-s-profesionalni-sluzbou\/","headline":"Do nov\u00e9ho bytu s profesion\u00e1ln\u00ed slu\u017ebou","name":"Do nov\u00e9ho bytu s profesion\u00e1ln\u00ed slu\u017ebou","description":"St\u011bhovat se s n\u011bkolika m\u00e1lo v\u011bcmi, kter\u00e9 se nav\u00edc \u010dasto vlezou do p\u0159\u00edru\u010dn\u00edho zavazadla um\u00ed prakticky i mal\u00e9 d\u00edt\u011b. P\u0159em\u00edstit kompletn\u00ed vybaven\u00ed bytu ale ne. Do nov\u00e9ho bytu s profesion\u00e1ln\u00ed slu\u017ebou V\u011bt\u0161inou se koup\u011b nov\u00e9ho bytu rovn\u00e1 velk\u00e9 radosti, a to i kdy\u017e je to obvykle obrovsk\u00fd finan\u010dn\u00ed v\u00fddaj. Nicm\u00e9n\u011b tato radost m\u016f\u017ee pom\u011brn\u011b z\u00e1hy &hellip; ","datePublished":"2021-05-15","dateModified":"2021-05-15","author":{"@type":"Person","@id":"https:\/\/teit.cz\/author\/#Person","name":"","url":"https:\/\/teit.cz\/author\/","identifier":1,"image":{"@type":"ImageObject","@id":"https:\/\/secure.gravatar.com\/avatar\/2d2e3fdaba6370eba756fb4048c695326686ff29010a0df4d58b27c20544521d?s=96&d=mm&r=g","url":"https:\/\/secure.gravatar.com\/avatar\/2d2e3fdaba6370eba756fb4048c695326686ff29010a0df4d58b27c20544521d?s=96&d=mm&r=g","height":96,"width":96}},"publisher":{"@type":"Organization","name":"teit.cz","logo":{"@type":"ImageObject","@id":"\/logo.png","url":"\/logo.png","width":600,"height":60}},"image":{"@type":"ImageObject","@id":"https:\/\/teit.cz\/wp-content\/uploads\/Kladka%20na%20st%C5%99e%C5%A1e.jpg","url":"https:\/\/teit.cz\/wp-content\/uploads\/Kladka%20na%20st%C5%99e%C5%A1e.jpg","height":0,"width":0},"url":"https:\/\/teit.cz\/do-noveho-bytu-s-profesionalni-sluzbou\/","wordCount":472,"articleBody":"        St\u011bhovat se s n\u011bkolika m\u00e1lo v\u011bcmi, kter\u00e9 se nav\u00edc \u010dasto vlezou do p\u0159\u00edru\u010dn\u00edho zavazadla um\u00ed prakticky i mal\u00e9 d\u00edt\u011b. P\u0159em\u00edstit kompletn\u00ed vybaven\u00ed bytu ale ne.Do nov\u00e9ho bytu s profesion\u00e1ln\u00ed slu\u017ebouV\u011bt\u0161inou se koup\u011b nov\u00e9ho bytu rovn\u00e1 velk\u00e9 radosti, a to i kdy\u017e je to obvykle obrovsk\u00fd finan\u010dn\u00ed v\u00fddaj. Nicm\u00e9n\u011b tato radost m\u016f\u017ee pom\u011brn\u011b z\u00e1hy pominout, jeliko\u017e p\u0159em\u00edstit v podstat\u011b ve\u0161ker\u00e9 vybaven\u00ed jednoho bytu do druh\u00e9 je skute\u010dn\u00e9 velk\u00fd logistick\u00fd o\u0159\u00ed\u0161ek. A i p\u0159esto se st\u00e1le najde spousta lid\u00ed, kte\u0159\u00ed se toto sna\u017e\u00ed zvl\u00e1dnout prakticky sv\u00e9pomoci. V\u011bt\u0161inou se to samoz\u0159ejm\u011b poda\u0159\u00ed, ale jsou p\u0159itom i ztr\u00e1ty, a to nejenom finan\u010dn\u00ed. Mnohdy se n\u011bco rozbije, \u010dasto i n\u011bco velice cenn\u00e9ho. Dod\u00e1vka nestihne vr\u00e1tit v\u010das a kamar\u00e1di, kte\u0159\u00ed p\u0159isl\u00edbili \u00fa\u010dast, taky doraz\u00ed pozd\u011bji, n\u011bkdy mo\u017en\u00e1 nedoraz\u00ed v\u016fbec. V takov\u00fdch p\u0159\u00edpadech se cel\u00e1 akce m\u011bn\u00ed v jeden velk\u00fd nezvladateln\u00fd chaos. Kdo chce takov\u00fdm nep\u0159\u00edjemnostem p\u0159edej\u00edt, ten by m\u011bl uva\u017eovat na v\u010dasn\u00fdm objedn\u00e1n\u00edm st\u011bhov\u00e1n\u00ed Praha. Mo\u017en\u00e1 se to m\u016f\u017ee zd\u00e1t jako pl\u00fdtv\u00e1n\u00ed pen\u011bzi, ale ur\u010dit\u011b tomu tak nen\u00ed. Kdo si najme profesion\u00e1ly, ten v kone\u010dn\u00e9m d\u016fsledku m\u016f\u017ee i u\u0161et\u0159it. A \u0159e\u010d nen\u00ed pouze o financ\u00edch, ale hlavn\u011b o nervech, kter\u00e9 jsou tak\u00e9 velice cenn\u00e9.V\u0161e napl\u00e1nuj\u00edV p\u0159\u00edpad\u011b, \u017ee se dostav\u00ed v\u0161ichni kamar\u00e1di, v\u011bt\u0161inou nechyb\u00ed dostate\u010dn\u00e1 pracovn\u00ed s\u00edla, kter\u00e1 v\u0161e odt\u00e1hne. Ov\u0161em to je tak v\u0161echno. Je\u0161t\u011b p\u0159edt\u00edm je nutn\u00e9 zajistit odvoz a mnohdy i mo\u017enost parkovat na m\u00edstech, kter\u00e9 k tomu nejsou ur\u010deny. A to je dobr\u00e9 ud\u011blat s dostate\u010dn\u00fdm p\u0159edstihem, na co\u017e laici \u010dasto zapom\u00ednaj\u00ed. Hlavn\u011b v Praze je probl\u00e9m zaparkovat, tak\u017ee tohle by m\u011blo b\u00fdt alfou a omegou. Kvalitn\u00ed firmy si to dok\u00e1\u017ee za\u0159\u00eddit v\u010das, laici obvykle ani nev\u00ed, \u017ee je n\u011bco takov\u00e9ho v\u016fbec mo\u017en\u00e9.V\u011bt\u0161inou se nic nerozbijeM\u00edt svaly je\u0161t\u011b neznamen\u00e1 um\u011bt tahat b\u0159emena. K tomu toti\u017e nejsou zapot\u0159eb\u00ed pouze svaly, ale rovn\u011b\u017e i hlava. V opa\u010dn\u00e9m p\u0159\u00edpad\u011b doch\u00e1z\u00ed k rozb\u00edjen\u00ed v\u011bc\u00ed p\u0159i zd\u00e1nliv\u011b bezv\u00fdznamn\u00fdch chyb\u00e1ch, kter\u00e9 ale mohou nakonec st\u00e1t i des\u00edtky tis\u00edc. Profesion\u00e1lov\u00e9 se v tom ale pohybovat um\u00ed. A i kdyby ne, jsou pro takov\u00e9 p\u0159\u00edpady poji\u0161t\u011bn\u00ed.                                                                                                                                                                                                                                                                                                                                                                                                  "},{"@context":"https:\/\/schema.org\/","@type":"BreadcrumbList","itemListElement":[{"@type":"ListItem","position":1,"name":"Do nov\u00e9ho bytu s profesion\u00e1ln\u00ed slu\u017ebou","item":"https:\/\/teit.cz\/do-noveho-bytu-s-profesionalni-sluzbou\/#breadcrumbitem"}]}]