[{"@context":"https:\/\/schema.org\/","@type":"Article","@id":"https:\/\/teit.cz\/graficke-prace\/#Article","mainEntityOfPage":"https:\/\/teit.cz\/graficke-prace\/","headline":"Grafick\u00e9 pr\u00e1ce","name":"Grafick\u00e9 pr\u00e1ce","description":"Logo, let\u00e1ky, vizitky nebo grafy, webov\u00e9 str\u00e1nky co v\u0161echno tyhle v\u011bci maj\u00ed spole\u010dn\u00e9ho? Ano jsou to grafick\u00e9 n\u00e1vrhy. Tak\u017ee jako podnikatel jist\u011b v\u00edte \u017ee tohle je stejn\u011b d\u016fle\u017eit\u00e9 jako je marketing firmy. Pro tyhle v\u011bci m\u00e1 ve firm\u011b m\u00edsto jen ti nejlep\u0161\u00ed. A proto by jste m\u011bli m\u00edt tohle m\u00edsto obsazen\u00e9 \u010dlov\u011bkem, kter\u00fd t\u011bmhle v\u011bcem &hellip; ","datePublished":"2022-06-11","dateModified":"2022-06-11","author":{"@type":"Person","@id":"https:\/\/teit.cz\/author\/#Person","name":"","url":"https:\/\/teit.cz\/author\/","identifier":1,"image":{"@type":"ImageObject","@id":"https:\/\/secure.gravatar.com\/avatar\/2d2e3fdaba6370eba756fb4048c695326686ff29010a0df4d58b27c20544521d?s=96&d=mm&r=g","url":"https:\/\/secure.gravatar.com\/avatar\/2d2e3fdaba6370eba756fb4048c695326686ff29010a0df4d58b27c20544521d?s=96&d=mm&r=g","height":96,"width":96}},"publisher":{"@type":"Organization","name":"teit.cz","logo":{"@type":"ImageObject","@id":"\/logo.png","url":"\/logo.png","width":600,"height":60}},"image":{"@type":"ImageObject","@id":"https:\/\/teit.cz\/wp-content\/uploads\/graficke-studio.jpg","url":"https:\/\/teit.cz\/wp-content\/uploads\/graficke-studio.jpg","height":0,"width":0},"url":"https:\/\/teit.cz\/graficke-prace\/","wordCount":419,"articleBody":"        Logo, let\u00e1ky, vizitky nebo grafy, webov\u00e9 str\u00e1nky co v\u0161echno tyhle v\u011bci maj\u00ed spole\u010dn\u00e9ho? Ano jsou to grafick\u00e9 n\u00e1vrhy. Tak\u017ee jako podnikatel jist\u011b v\u00edte \u017ee tohle je stejn\u011b d\u016fle\u017eit\u00e9 jako je marketing firmy. Pro tyhle v\u011bci m\u00e1 ve firm\u011b m\u00edsto jen ti nejlep\u0161\u00ed. A proto by jste m\u011bli m\u00edt tohle m\u00edsto obsazen\u00e9 \u010dlov\u011bkem, kter\u00fd t\u011bmhle v\u011bcem naprosto rozum\u00ed a je jedni\u010dkou v tomhle oboru. Jeliko\u017e kdyby jste tam nasadili n\u011bjak\u00e9ho laika, kter\u00fd v\u016fbec nem\u00e1 o ni\u010dem takov\u00e9m tu\u0161en\u00ed tak by to jist\u011b nemuselo dopadnout zrovna nejl\u00e9pe. Ale tohle nen\u00ed podm\u00ednkou. Klidn\u011b to m\u016f\u017eete vz\u00edt do sv\u00fdch rukou a v\u0161e si za\u0159\u00eddit sami. Ale po\u010d\u00edtejte s t\u00edm, \u017ee to nen\u00ed tak lehk\u00e9 jak to vypad\u00e1 a bude v\u00e1s taky \u010dekat spousta sezn\u00e1men\u00ed s r\u016fzn\u00fdmi pot\u0159ebn\u00fdmi programy a pokud ani ty neovl\u00e1d\u00e1te tak se budete m\u00edt ur\u010dit\u011b co u\u010dit. Tohle v\u00e1m opravdu zabere hodn\u011b \u010dasu, kter\u00e9ho jako podnikatel moc nem\u00e1te a m\u011bli by jste ho investovat n\u011bkde, nebo v n\u011b\u010dem kde vynik\u00e1te. Taky pot\u0159ebn\u00e9 programy, kter\u00e9 jsou na jin\u00e9 \u00farovni a pou\u017e\u00edvaj\u00ed je opravdov\u00fd grafikov\u00e9 tak n\u011bco stoj\u00ed, tak\u017ee v\u00e1s bude \u010dekat dal\u0161\u00ed investice.Asi by jste sp\u00ed\u0161e mohli p\u0159em\u00fd\u0161let o profesion\u00e1lech a nebo nejl\u00e9pe t\u0159eba o Grafick\u00e9m studiu Ostrava https:\/\/www.imperialmedia.cz\/graficke-studio-ostrava\/, kter\u00e9 naleznete na uveden\u00fdch webov\u00fdch str\u00e1nk\u00e1ch. Zde si m\u016f\u017eete domluvit t\u0159eba i jednor\u00e1zovou spolupr\u00e1ci aby jste se p\u0159esv\u011bd\u010dili a v\u011bd\u011bli s k\u00fdm tu m\u00e1te vlastn\u011b \u010dest, ale j\u00e1 si mysl\u00edm \u017ee ur\u010dit\u011b nebudete litovat a uv\u00edt\u00e1te je z otev\u0159enou n\u00e1ru\u010d\u00ed. Firma v\u00e1m vyjde moc r\u00e1da vst\u0159\u00edc aby byla spokojenost na obou dvou stran\u00e1ch, tak\u017ee va\u0161e obavy m\u016f\u017eou zmizet a za\u010d\u00edt se radovat. Taky v\u00e1m velmi r\u00e1di porad\u00ed. Va\u0161e grafick\u00e9 n\u00e1vrhy a dal\u0161\u00ed v\u011bci budou v p\u00e9\u010di profesion\u00e1l\u016fm, kte\u0159\u00ed u\u017e maj\u00ed n\u011bco za sebou a tak jejich zku\u0161enost bude odpov\u00eddat za v\u0161e. Investice kterou do toho d\u00e1te se v\u00e1m d\u00edky n\u00edm vr\u00e1t\u00ed i s v\u00fdd\u011blkem.                                                                                                                                                                                                                                                                                                                                                                                                  "},{"@context":"https:\/\/schema.org\/","@type":"BreadcrumbList","itemListElement":[{"@type":"ListItem","position":1,"name":"Grafick\u00e9 pr\u00e1ce","item":"https:\/\/teit.cz\/graficke-prace\/#breadcrumbitem"}]}]