[{"@context":"https:\/\/schema.org\/","@type":"Article","@id":"https:\/\/teit.cz\/jak-skladovat-obleceni\/#Article","mainEntityOfPage":"https:\/\/teit.cz\/jak-skladovat-obleceni\/","headline":"Jak skladovat oble\u010den\u00ed?","name":"Jak skladovat oble\u010den\u00ed?","description":"Oble\u010den\u00ed je t\u0159eba skladovat spr\u00e1vn\u011b, abyste ho mohli po vyt\u00e1hnut\u00ed hned pou\u017e\u00edt. Velmi \u010dasto lid\u00e9 toti\u017e oble\u010den\u00ed skladuj\u00ed \u0161patn\u011b a pak jde poznat, \u017ee je pokr\u010den\u00e9. Kolikr\u00e1t i tolik, \u017ee u\u017e se ned\u00e1 narovnat zp\u011bt a je to t\u0159eba materi\u00e1l, kter\u00fd se ned\u00e1 \u017eehlit. To je pak pr\u016f\u0161vih, proto\u017ee jste tak zni\u010dili kousek oble\u010den\u00ed, kter\u00fd &hellip; ","datePublished":"2023-12-29","dateModified":"2023-12-29","author":{"@type":"Person","@id":"https:\/\/teit.cz\/author\/#Person","name":"","url":"https:\/\/teit.cz\/author\/","identifier":1,"image":{"@type":"ImageObject","@id":"https:\/\/secure.gravatar.com\/avatar\/2d2e3fdaba6370eba756fb4048c695326686ff29010a0df4d58b27c20544521d?s=96&d=mm&r=g","url":"https:\/\/secure.gravatar.com\/avatar\/2d2e3fdaba6370eba756fb4048c695326686ff29010a0df4d58b27c20544521d?s=96&d=mm&r=g","height":96,"width":96}},"publisher":{"@type":"Organization","name":"teit.cz","logo":{"@type":"ImageObject","@id":"\/logo.png","url":"\/logo.png","width":600,"height":60}},"image":{"@type":"ImageObject","@id":"https:\/\/teit.cz\/wp-content\/uploads\/lucas-hoang-ojZ4wJNUM5w-unsplash_2.jpg","url":"https:\/\/teit.cz\/wp-content\/uploads\/lucas-hoang-ojZ4wJNUM5w-unsplash_2.jpg","height":0,"width":0},"url":"https:\/\/teit.cz\/jak-skladovat-obleceni\/","wordCount":505,"articleBody":"        Oble\u010den\u00ed je t\u0159eba skladovat spr\u00e1vn\u011b, abyste ho mohli po vyt\u00e1hnut\u00ed hned pou\u017e\u00edt. Velmi \u010dasto lid\u00e9 toti\u017e oble\u010den\u00ed skladuj\u00ed \u0161patn\u011b a pak jde poznat, \u017ee je pokr\u010den\u00e9. Kolikr\u00e1t i tolik, \u017ee u\u017e se ned\u00e1 narovnat zp\u011bt a je to t\u0159eba materi\u00e1l, kter\u00fd se ned\u00e1 \u017eehlit. To je pak pr\u016f\u0161vih, proto\u017ee jste tak zni\u010dili kousek oble\u010den\u00ed, kter\u00fd sice nosit m\u016f\u017eete, ale nebude to vypadat dob\u0159e. M\u016f\u017eete to p\u0159inejhor\u0161\u00edm zkusit vyrovnat napa\u0159ova\u010dkou, kter\u00e1 k rovn\u00e1n\u00ed oble\u010den\u00ed pou\u017e\u00edv\u00e1 pouze p\u00e1ru a ne teplo, jako je to u klasick\u00e9 \u017eehli\u010dky. Ov\u0161em ani to se v\u00e1m nemus\u00ed pov\u00e9st. Samoz\u0159ejm\u011b z tohoto d\u016fvodu je t\u0159eba si oble\u010den\u00ed alespo\u0148 trochu v\u00e1\u017eit a sna\u017eit se ho skladovat tak, aby nedo\u0161lo k jeho po\u0161kozen\u00ed. Nejlep\u0161\u00ed je m\u00edt v\u0161e pov\u011b\u0161en\u00e9 na ram\u00ednku, ale lid\u00e9 nemaj\u00ed tolik m\u00edsta. Ne ka\u017ed\u00fd m\u00e1 toti\u017e doma vestav\u011bnou sk\u0159\u00ed\u0148 z Prahy Sten-skrine, do kter\u00e9 se vejde v\u0161echno a m\u00e1te v n\u00ed dostatek m\u00edsta na mnoho ram\u00ednek. Proto tito lid\u00e9 maj\u00ed pov\u011b\u0161en\u00e9 jen ty nejd\u016fle\u017eit\u011bj\u0161\u00ed v\u011bci. Mezi ty pat\u0159\u00ed samoz\u0159ejm\u011b bundy a kab\u00e1ty, kter\u00e9 se \u017eehlit nedaj\u00ed a pokud se pokr\u010d\u00ed, nevypad\u00e1 to v\u016fbec dob\u0159e. Jako dal\u0161\u00ed jsou samoz\u0159ejm\u011b saka a ko\u0161ile, p\u0159\u00edpadn\u011b i spole\u010densk\u00e9 kalhoty, kter\u00e9 se opravdu pokr\u010dit tak\u00e9 nemohou. Tyto v\u011bci se nav\u00edc neperou a d\u00e1vaj\u00ed se do \u010dist\u00edrny, kde se v\u00e1m o n\u011b dob\u0159e postaraj\u00ed a m\u00e1te jistotu, \u017ee se jim nic nestane. A proto, \u017ee lid\u00e9 nemaj\u00ed dostatek m\u00edsta ve sk\u0159\u00edn\u00edch, je t\u0159eba v\u011bci ukl\u00e1dat do poli\u010dek, p\u0159\u00edpadn\u011b do \u0161upl\u00edk\u016f. Tam se toho vleze sice dostatek, ale v\u0161ichni v\u00edme, \u017ee je v tomto p\u0159\u00edpad\u011b velmi d\u016fle\u017eit\u00e9 oble\u010den\u00ed ulo\u017eit tak, aby se nepokr\u010dilo a aby v poloze, do kter\u00e9 ho ulo\u017e\u00edte vydr\u017eelo co nejl\u00edp poskl\u00e1dan\u00e9 a co nejd\u00e9le. Nesm\u00edte ho proto jen tak pomuchlat, ale do poli\u010dky je t\u0159eba oble\u010den\u00ed poskl\u00e1dat spr\u00e1vn\u011b, a\u0165 nem\u00e1 mnoho zbyte\u010dn\u00fdch p\u0159ehyb\u016f a vy ho tak m\u016f\u017eete hned vyt\u00e1hnout. V\u0161ichni v\u00edme, jak se skl\u00e1daj\u00ed tri\u010dka. Halenky m\u016f\u017eete skl\u00e1dat \u00fapln\u011b stejn\u011b, ale mnohem lep\u0161\u00ed je je op\u011bt pov\u011bsit, tam se v\u00e1m nepokr\u010d\u00ed. Spodn\u00ed pr\u00e1dlo nemus\u00edte skl\u00e1dat, sta\u010d\u00ed nap\u0159\u00edklad kalhotky jen ulo\u017eit na sebe rovn\u011b, nezaberou toti\u017e ani tolik m\u00edsta, jak se m\u016f\u017ee zd\u00e1t. Co se t\u00fd\u010de kalhot, p\u0159epulte ob\u011b p\u016flky na sebe a v m\u00edstech kolen je ohn\u011bte, to naprosto sta\u010d\u00ed. Tak se v\u00e1m nepokr\u010d\u00ed a z\u016fstanou p\u0159ipraven\u00e9 na to, a\u017e je n\u011bkam vyt\u00e1hnete.                                                                                                                                                                                                                                                                                                                                                                                                  "},{"@context":"https:\/\/schema.org\/","@type":"BreadcrumbList","itemListElement":[{"@type":"ListItem","position":1,"name":"Jak skladovat oble\u010den\u00ed?","item":"https:\/\/teit.cz\/jak-skladovat-obleceni\/#breadcrumbitem"}]}]