[{"@context":"https:\/\/schema.org\/","@type":"Article","@id":"https:\/\/teit.cz\/krasne-stolni-kalendare-na-vas-stul\/#Article","mainEntityOfPage":"https:\/\/teit.cz\/krasne-stolni-kalendare-na-vas-stul\/","headline":"Kr\u00e1sn\u00e9 stoln\u00ed kalend\u00e1\u0159e na v\u00e1\u0161 st\u016fl","name":"Kr\u00e1sn\u00e9 stoln\u00ed kalend\u00e1\u0159e na v\u00e1\u0161 st\u016fl","description":"Tak\u00e9 se v\u00e1m u\u017e stalo, \u017ee jste zapomn\u011bli na d\u016fle\u017eitou sch\u016fzku nebo n\u011bjakou jinou akci? Bohu\u017eel m\u00e1te ale starost\u00ed nad hlavu a je nad va\u0161e s\u00edly si pamatovat v\u0161echny sch\u016fzky, setk\u00e1n\u00ed a odli\u0161n\u00e9 akce? P\u0159em\u00fd\u0161leli jste n\u011bkdy nad n\u00e1kupem di\u00e1\u0159e nebo t\u0159eba kalend\u00e1\u0159e? Tyto skv\u011bl\u00e9 v\u011bci by v\u00e1m toti\u017e od v\u0161ech t\u011bchto probl\u00e9m\u016f se zapom\u00edn\u00e1n\u00edm &hellip; ","datePublished":"2025-02-28","dateModified":"2025-02-28","author":{"@type":"Person","@id":"https:\/\/teit.cz\/author\/#Person","name":"","url":"https:\/\/teit.cz\/author\/","identifier":1,"image":{"@type":"ImageObject","@id":"https:\/\/secure.gravatar.com\/avatar\/2d2e3fdaba6370eba756fb4048c695326686ff29010a0df4d58b27c20544521d?s=96&d=mm&r=g","url":"https:\/\/secure.gravatar.com\/avatar\/2d2e3fdaba6370eba756fb4048c695326686ff29010a0df4d58b27c20544521d?s=96&d=mm&r=g","height":96,"width":96}},"publisher":{"@type":"Organization","name":"teit.cz","logo":{"@type":"ImageObject","@id":"\/logo.png","url":"\/logo.png","width":600,"height":60}},"url":"https:\/\/teit.cz\/krasne-stolni-kalendare-na-vas-stul\/","wordCount":417,"articleBody":"Tak\u00e9 se v\u00e1m u\u017e stalo, \u017ee jste zapomn\u011bli na d\u016fle\u017eitou sch\u016fzku nebo n\u011bjakou jinou akci? Bohu\u017eel m\u00e1te ale starost\u00ed nad hlavu a je nad va\u0161e s\u00edly si pamatovat v\u0161echny sch\u016fzky, setk\u00e1n\u00ed a odli\u0161n\u00e9 akce? P\u0159em\u00fd\u0161leli jste n\u011bkdy nad n\u00e1kupem di\u00e1\u0159e nebo t\u0159eba kalend\u00e1\u0159e? Tyto skv\u011bl\u00e9 v\u011bci by v\u00e1m toti\u017e od v\u0161ech t\u011bchto probl\u00e9m\u016f se zapom\u00edn\u00e1n\u00edm pomohly! Sta\u010d\u00ed si k dan\u00e9mu dni napsat, co m\u00e1te ud\u011blat, s k\u00fdm se setkat a podobn\u011b a u\u017e nikdy na nic nezapomenete! Vyzkou\u0161ejte tyto b\u00e1je\u010dn\u00e9 organiz\u00e9ry \u010dasu tak\u00e9! M\u016f\u017eete si po\u0159\u00eddit, jak jsme ji\u017e zm\u00ednili di\u00e1\u0159e nebo kalend\u00e1\u0159, kter\u00fd m\u016f\u017ee b\u00fdt bu\u010fto stoln\u00ed a um\u00edst\u00edte ho n\u011bkam na v\u00e1\u0161 pracovn\u00ed \u010di jin\u00fd st\u016fl nebo existuj\u00ed kalend\u00e1\u0159e n\u00e1st\u011bnn\u00e9, kter\u00e9 p\u0159ibijete n\u011bkam na st\u011bnu a z\u00edsk\u00e1te z\u00e1rove\u0148 i skv\u011blou dekoraci do va\u0161\u00ed m\u00edstnosti! M\u016f\u017eete si vybrat kalend\u00e1\u0159 mnoha odli\u0161n\u00fdch motiv\u016f, a tak v\u00e1\u0161 st\u016fl bude zdobit stoln\u00ed kalend\u00e1\u0159 s va\u0161imi obl\u00edben\u00fdmi zv\u00ed\u0159\u00e1tky, kreslen\u00fdmi postavi\u010dkami nebo t\u0159eba automobily! Nev\u00e1hejte ji\u017e ani minutu a kupte si spolehliv\u00e9 a kvalitn\u00ed n\u00e1st\u011bnn\u00e9 \u010di stoln\u00ed kalend\u00e1\u0159e a v\u00e1\u0161 \u017eivot bude ihned o mnohem jednodu\u0161\u0161\u00ed!Internetov\u00fd obchod se stoln\u00edmi a jin\u00fdmi kalend\u00e1\u0159iZaj\u00edmalo by v\u00e1s, kde m\u016f\u017eete n\u011bjak\u00fd kr\u00e1sn\u00fd a kvalitn\u00ed stoln\u00ed kalend\u00e1\u0159 zakoupit? Dnes skoro na ka\u017ed\u00e9m rohu, pokud se ale pod\u00edv\u00e1te na na\u0161e internetov\u00e9 str\u00e1nky: www.aaapapir.cz\/kalendare\/stolni-kalendare\/, otev\u0159e se v\u00e1m ta nej\u0161ir\u0161\u00ed nab\u00eddka stoln\u00edch kalend\u00e1\u0159\u016f, \u017ee nebudete ani v\u011bd\u011bt, kter\u00fd si z nich vybrat. M\u016f\u017eete si vyb\u00edrat z odli\u0161n\u00fdch kategori\u00ed kalend\u00e1\u0159\u016f, kter\u00e9 z\u00e1rove\u0148 p\u0159edstavuj\u00ed i t\u00e9mata kalend\u00e1\u0159\u016f. T\u011bmito kategoriemi jsou nap\u0159\u00edklad: auto-moto, Josef Lada, Alfons Mucha, d\u011btsk\u00e9, erotick\u00e9, zv\u00ed\u0159ata, p\u0159\u00edroda, sport, recepty a samoz\u0159ejm\u011b mnohem v\u00edce. Pod\u00edvejte se na na\u0161e internetov\u00e9 str\u00e1nky a vyberte si stoln\u00ed kalend\u00e1\u0159 va\u0161ich sn\u016f! Nab\u00edz\u00edme v\u00e1m i mo\u017enost zhotoven\u00ed stoln\u00edho kalend\u00e1\u0159e p\u0159\u00edmo na m\u00edru! To znamen\u00e1, \u017ee v\u00e1m vytvo\u0159\u00edme kalend\u00e1\u0159 p\u0159\u00edmo z va\u0161ich fotografi\u00ed!                                                                                                                                                                                                                                                                                                                                                                                                "},{"@context":"https:\/\/schema.org\/","@type":"BreadcrumbList","itemListElement":[{"@type":"ListItem","position":1,"name":"Kr\u00e1sn\u00e9 stoln\u00ed kalend\u00e1\u0159e na v\u00e1\u0161 st\u016fl","item":"https:\/\/teit.cz\/krasne-stolni-kalendare-na-vas-stul\/#breadcrumbitem"}]}]