[{"@context":"https:\/\/schema.org\/","@type":"Article","@id":"https:\/\/teit.cz\/moderni-plastova-okna-by-se-mohla-dobre-vyjimat-i-v-koline\/#Article","mainEntityOfPage":"https:\/\/teit.cz\/moderni-plastova-okna-by-se-mohla-dobre-vyjimat-i-v-koline\/","headline":"Modern\u00ed plastov\u00e1 okna by se mohla dob\u0159e vyj\u00edmat i v Kol\u00edn\u011b","name":"Modern\u00ed plastov\u00e1 okna by se mohla dob\u0159e vyj\u00edmat i v Kol\u00edn\u011b","description":"\u0158\u00edk\u00e1 v\u00e1m n\u011bco animovan\u00fd seri\u00e1l pro d\u011bti s n\u00e1zvem \u201ePotkali se u Kol\u00edna\u201c? V tom seri\u00e1lu se objev\u00ed v\u011bta \u201ePoj\u010fte pane, budeme si hr\u00e1t\u201c, vyslovuje ji pan Rudolf Deyl mlad\u0161\u00ed, kter\u00fd mimochodem ztv\u00e1rnil zn\u00e1m\u00e9ho pana Pule\u010dka ve filmu And\u011bl na hor\u00e1ch s Jaroslavem Marvanem v hlavn\u00ed roli. V tom seri\u00e1lu pro d\u011bti se pohybuj\u00ed dva &hellip; ","datePublished":"2026-02-07","dateModified":"2026-02-07","author":{"@type":"Person","@id":"https:\/\/teit.cz\/author\/#Person","name":"","url":"https:\/\/teit.cz\/author\/","identifier":1,"image":{"@type":"ImageObject","@id":"https:\/\/secure.gravatar.com\/avatar\/2d2e3fdaba6370eba756fb4048c695326686ff29010a0df4d58b27c20544521d?s=96&d=mm&r=g","url":"https:\/\/secure.gravatar.com\/avatar\/2d2e3fdaba6370eba756fb4048c695326686ff29010a0df4d58b27c20544521d?s=96&d=mm&r=g","height":96,"width":96}},"publisher":{"@type":"Organization","name":"teit.cz","logo":{"@type":"ImageObject","@id":"\/logo.png","url":"\/logo.png","width":600,"height":60}},"image":{"@type":"ImageObject","@id":"https:\/\/teit.cz\/wp-content\/uploads\/monoar_cgi_artist-royal-interior-1455805_640.jpg","url":"https:\/\/teit.cz\/wp-content\/uploads\/monoar_cgi_artist-royal-interior-1455805_640.jpg","height":0,"width":0},"url":"https:\/\/teit.cz\/moderni-plastova-okna-by-se-mohla-dobre-vyjimat-i-v-koline\/","wordCount":406,"articleBody":"          \u0158\u00edk\u00e1 v\u00e1m n\u011bco animovan\u00fd seri\u00e1l pro d\u011bti s n\u00e1zvem \u201ePotkali se u Kol\u00edna\u201c? V tom seri\u00e1lu se objev\u00ed v\u011bta \u201ePoj\u010fte pane, budeme si hr\u00e1t\u201c, vyslovuje ji pan Rudolf Deyl mlad\u0161\u00ed, kter\u00fd mimochodem ztv\u00e1rnil zn\u00e1m\u00e9ho pana Pule\u010dka ve filmu And\u011bl na hor\u00e1ch s Jaroslavem Marvanem v hlavn\u00ed roli. V tom seri\u00e1lu pro d\u011bti se pohybuj\u00ed dva loutkov\u00ed medv\u00eddci a tyto poh\u00e1dky pro d\u011bti prov\u00e1zely d\u011btsk\u00fd sv\u011bt kluk\u016f a hol\u010di\u010dek v obdob\u00ed socialismu ji\u017e od roku 1965. Kdybyste se do Kol\u00edna vypravili, objev\u00edte tam dokonce pomn\u00edk Medv\u011bd\u016f od Kol\u00edna, natolik tento ve\u010dern\u00ed\u010dek pro d\u011bti Kol\u00edn proslavil.Kol\u00edn se nach\u00e1z\u00ed v Polabsk\u00e9 n\u00ed\u017ein\u011b, m\u011bstem tak\u00e9 \u0159eka Labe prot\u00e9k\u00e1 a vede tudy i d\u016fle\u017eit\u00e1 vlakov\u00e1 tra\u0165, kter\u00e1 spojuje Prahu s Moravou.Bydlet v Kol\u00edn\u011b si docela dob\u0159e dovedu p\u0159edstavit. Vyu\u017eil bych tamn\u00ed roviny k \u010dast\u00fdm proj\u00ed\u017e\u010fk\u00e1m na kole a kdyby bylo venku nevl\u00eddno, zalezl bych do sv\u00e9ho p\u0159\u00edbytku, zav\u0159el okna a u\u017e\u00edval klidu a pohody uvnit\u0159 sv\u00e9ho rodinn\u00e9ho domu \u010di m\u011bstsk\u00e9ho bytu. K t\u00e9 pohod\u011b by ale p\u0159isp\u011bla zna\u010dnou m\u011brou pr\u00e1v\u011b modern\u00ed plastov\u00e1 okna, nap\u0159\u00edklad Salamander BluEvolution 82. Tato \u0161pi\u010dkov\u00e1 okna s perfektn\u00ed tepelnou izolac\u00ed vyr\u00e1b\u00ed n\u011bmeck\u00e1 rodinn\u00e1 firma Salamander Industrie-Produkte GmbH, kter\u00e1 na trhu p\u016fsob\u00ed ji\u017e p\u0159es p\u016fl stolet\u00ed.N\u011bmeck\u00e1 okna v Kol\u00edn\u011b by mohla p\u0159in\u00e1\u0161et radost v letn\u00edm obdob\u00ed, kdy sni\u017euj\u00ed vliv letn\u00edch veder v interi\u00e9ru, a v zim\u011b zas mohou okna l\u00e9pe \u010delit mraziv\u00e9mu po\u010das\u00ed a sni\u017eovat n\u00e1klady na vyt\u00e1p\u011bn\u00ed. Tato okna se zhotovuj\u00ed v n\u011bkolika barevn\u00fdch odst\u00ednech, m\u011b kup\u0159\u00edkladu oslovuj\u00ed dekory zlat\u00fd dub, Mahagon, O\u0159ech, Daglesie a Woodec dub.Plastov\u00e1 okna nevy\u017eaduj\u00ed \u017e\u00e1dnou n\u00e1ro\u010dnou \u00fadr\u017ebu. Jakmile je firma spr\u00e1vn\u011b nainstaluje a se\u0159\u00edd\u00ed, posta\u010d\u00ed okna pouze um\u00fdvat a odstra\u0148ovat ne\u010distoty i z kov\u00e1n\u00ed a z m\u00edst, kam kov\u00e1n\u00ed dosed\u00e1 do okenn\u00edho r\u00e1mu. Tato okna se nemus\u00ed nat\u00edrat, co\u017e m\u011b nesm\u00edrn\u011b t\u011b\u0161\u00ed, proto\u017ee mi tato pr\u00e1ce p\u0159ipad\u00e1 jako ztr\u00e1ta \u010dasu.                                                                                                                                                                                                                                                                                                                                                                                                  "},{"@context":"https:\/\/schema.org\/","@type":"BreadcrumbList","itemListElement":[{"@type":"ListItem","position":1,"name":"Modern\u00ed plastov\u00e1 okna by se mohla dob\u0159e vyj\u00edmat i v Kol\u00edn\u011b","item":"https:\/\/teit.cz\/moderni-plastova-okna-by-se-mohla-dobre-vyjimat-i-v-koline\/#breadcrumbitem"}]}]