[{"@context":"https:\/\/schema.org\/","@type":"Article","@id":"https:\/\/teit.cz\/oriflame\/#Article","mainEntityOfPage":"https:\/\/teit.cz\/oriflame\/","headline":"Oriflame","name":"Oriflame","description":"Hled\u00e1te kosmetiku, kter\u00e1 nebude ni\u010dit Va\u0161\u00ed ple\u0165, a p\u0159esto bude cenov\u011b p\u0159ijateln\u00e1? Obra\u0165te se na n\u00e1s Oriflame. My V\u00e1m nab\u00edz\u00edme p\u0159\u00edrodn\u00ed \u0161v\u00e9dskou kosmetiku, kter\u00e1 rozz\u00e1\u0159\u00ed Va\u0161\u00ed poko\u017eku a vyzdvihne Va\u0161e p\u0159ednosti. D\u00e1le pro ty, kter\u00e9 se o kosmetiku zaj\u00edmaj\u00ed v\u00edce, m\u00e1me zde nab\u00eddku, kter\u00e1 je neodolateln\u00e1. Ka\u017ed\u00fd z V\u00e1s se m\u016f\u017ee st\u00e1t kosmetick\u00fdm poradcem Oriflame. &hellip; ","datePublished":"2025-03-25","dateModified":"2025-03-25","author":{"@type":"Person","@id":"https:\/\/teit.cz\/author\/#Person","name":"","url":"https:\/\/teit.cz\/author\/","identifier":1,"image":{"@type":"ImageObject","@id":"https:\/\/secure.gravatar.com\/avatar\/2d2e3fdaba6370eba756fb4048c695326686ff29010a0df4d58b27c20544521d?s=96&d=mm&r=g","url":"https:\/\/secure.gravatar.com\/avatar\/2d2e3fdaba6370eba756fb4048c695326686ff29010a0df4d58b27c20544521d?s=96&d=mm&r=g","height":96,"width":96}},"publisher":{"@type":"Organization","name":"teit.cz","logo":{"@type":"ImageObject","@id":"\/logo.png","url":"\/logo.png","width":600,"height":60}},"url":"https:\/\/teit.cz\/oriflame\/","wordCount":190,"articleBody":"Hled\u00e1te kosmetiku, kter\u00e1 nebude ni\u010dit Va\u0161\u00ed ple\u0165, a p\u0159esto bude cenov\u011b p\u0159ijateln\u00e1? Obra\u0165te se na n\u00e1s Oriflame. My V\u00e1m nab\u00edz\u00edme p\u0159\u00edrodn\u00ed \u0161v\u00e9dskou kosmetiku, kter\u00e1 rozz\u00e1\u0159\u00ed Va\u0161\u00ed poko\u017eku a vyzdvihne Va\u0161e p\u0159ednosti.D\u00e1le pro ty, kter\u00e9 se o kosmetiku zaj\u00edmaj\u00ed v\u00edce, m\u00e1me zde nab\u00eddku, kter\u00e1 je neodolateln\u00e1. Ka\u017ed\u00fd z V\u00e1s se m\u016f\u017ee st\u00e1t kosmetick\u00fdm poradcem Oriflame. My V\u00e1m nab\u00edz\u00edme mo\u017enost, jak lehko se st\u00e1t vlastn\u00edm p\u00e1nem a z\u00e1rove\u0148 vybudovat svou kari\u00e9ru nebo zajistit p\u0159\u00edjemnou brig\u00e1du.Kosmetick\u00fd poradceJako kosmetick\u00fd poradce Oriflame budete m\u00edt v\u00fdhody, kter\u00fdm neodol\u00e1te. Nejen, \u017ee m\u011bs\u00ed\u010dn\u011b V\u00e1m ve Va\u0161\u00ed pen\u011b\u017eence p\u0159ibudou pen\u00edze, co\u017e je individu\u00e1ln\u00ed, ale z\u00e1rove\u0148 budete m\u00edt slevu na na\u0161em kosmetiku. Sleva \u010din\u00ed a\u017e 23%. Registrace je pro V\u00e1s zcela zdarma, proto v\u011b\u0159\u00edme, \u017ee my V\u00e1m nab\u00eddneme v\u0161e pot\u0159ebn\u00e9, abyste u n\u00e1s mohli jak osobn\u011b tak i profesion\u00e1ln\u011b r\u016fst.                                                                                                                                                                                                                                                                                                                                                                                                "},{"@context":"https:\/\/schema.org\/","@type":"BreadcrumbList","itemListElement":[{"@type":"ListItem","position":1,"name":"Oriflame","item":"https:\/\/teit.cz\/oriflame\/#breadcrumbitem"}]}]