[{"@context":"https:\/\/schema.org\/","@type":"Article","@id":"https:\/\/teit.cz\/prasklina-na-skle-u-automobilu-nepripustna\/#Article","mainEntityOfPage":"https:\/\/teit.cz\/prasklina-na-skle-u-automobilu-nepripustna\/","headline":"Prasklina na skle? U automobilu nep\u0159\u00edpustn\u00e1!","name":"Prasklina na skle? U automobilu nep\u0159\u00edpustn\u00e1!","description":"Na podzim jste zazimovali sv\u016fj v\u016fz v gar\u00e1\u017ei, jeliko\u017e p\u0159es zimu zkr\u00e1tka ne\u0159\u00edd\u00edte a s p\u0159\u00edchodem jara jste zjistili velice nep\u0159\u00edjemnou v\u011bc? Objevili jste toti\u017e prasklinu na \u010deln\u00edm \u010di jak\u00e9mkoliv jin\u00e9m skle? Nep\u0159\u00edjemn\u00e9, to ano, ale ne ne\u0159e\u0161iteln\u00e9. Volejte autosklo Praha. Autosklo Praha V p\u0159\u00edpad\u011b pot\u00ed\u017e\u00ed je v\u017edy d\u016fle\u017eit\u00e9 v\u011bd\u011bt, jak je \u0159e\u0161it a zejm\u00e9na &hellip; ","datePublished":"2025-03-07","dateModified":"2025-03-07","author":{"@type":"Person","@id":"https:\/\/teit.cz\/author\/#Person","name":"","url":"https:\/\/teit.cz\/author\/","identifier":1,"image":{"@type":"ImageObject","@id":"https:\/\/secure.gravatar.com\/avatar\/2d2e3fdaba6370eba756fb4048c695326686ff29010a0df4d58b27c20544521d?s=96&d=mm&r=g","url":"https:\/\/secure.gravatar.com\/avatar\/2d2e3fdaba6370eba756fb4048c695326686ff29010a0df4d58b27c20544521d?s=96&d=mm&r=g","height":96,"width":96}},"publisher":{"@type":"Organization","name":"teit.cz","logo":{"@type":"ImageObject","@id":"\/logo.png","url":"\/logo.png","width":600,"height":60}},"url":"https:\/\/teit.cz\/prasklina-na-skle-u-automobilu-nepripustna\/","wordCount":161,"articleBody":" Na podzim jste zazimovali sv\u016fj v\u016fz v gar\u00e1\u017ei, jeliko\u017e p\u0159es zimu zkr\u00e1tka ne\u0159\u00edd\u00edte a s p\u0159\u00edchodem jara jste zjistili velice nep\u0159\u00edjemnou v\u011bc? Objevili jste toti\u017e prasklinu na \u010deln\u00edm \u010di jak\u00e9mkoliv jin\u00e9m skle? Nep\u0159\u00edjemn\u00e9, to ano, ale ne ne\u0159e\u0161iteln\u00e9. Volejte autosklo Praha. Autosklo Praha V p\u0159\u00edpad\u011b pot\u00ed\u017e\u00ed je v\u017edy d\u016fle\u017eit\u00e9 v\u011bd\u011bt, jak je \u0159e\u0161it a zejm\u00e9na jak je vy\u0159e\u0161it \u00fasp\u011b\u0161n\u011b. Vy jste se p\u0159edem informovali o mo\u017enostech, kter\u00e9 m\u00e1te a tak nyn\u00ed v\u00edte, \u017ee nejjednodu\u0161\u0161\u00ed pro V\u00e1s bude zavolat si na pomoc autosklo Praha. Cena opravy V\u00e1s pot\u011b\u0161\u00ed&#8230; Cena takov\u00e9 opravy V\u00e1s pot\u011b\u0161\u00ed. Nebude to toti\u017e nikterak z\u00e1vratn\u00e1 \u010d\u00e1stka a tak Va\u0161e pen\u011b\u017eenka m\u016f\u017ee z\u016fstat zcela v klidu. Tak nev\u00e1hejte a zavolejte si na pomoc autoskla Praha. Garantujeme V\u00e1m plnou spokojenost.                                                                                                                                                                                                                                                                                                                                                                                                "},{"@context":"https:\/\/schema.org\/","@type":"BreadcrumbList","itemListElement":[{"@type":"ListItem","position":1,"name":"Prasklina na skle? U automobilu nep\u0159\u00edpustn\u00e1!","item":"https:\/\/teit.cz\/prasklina-na-skle-u-automobilu-nepripustna\/#breadcrumbitem"}]}]