[{"@context":"https:\/\/schema.org\/","@type":"Article","@id":"https:\/\/teit.cz\/privatni-sauna\/#Article","mainEntityOfPage":"https:\/\/teit.cz\/privatni-sauna\/","headline":"Priv\u00e1tn\u00ed sauna","name":"Priv\u00e1tn\u00ed sauna","description":"Seznamte se s popul\u00e1rn\u00edmi formami relaxa\u010dn\u00edch teori\u00ed, kter\u00e9 V\u00e1m prakticky na Va\u0161em t\u011ble i du\u0161i p\u0159edvede priv\u00e1tn\u00ed sauna. Zaj\u00edmejte se o intenzivn\u00ed u\u017eitek, kter\u00fd do Va\u0161eho \u017eivota vnese priv\u00e1tn\u00ed sauna. V such\u00e9m hork\u00e9m vzduchu se Va\u0161im kloub\u016fm, sval\u016fm, vnit\u0159n\u00edm org\u00e1n\u016fm, poko\u017ece i celkov\u00e9mu aktu\u00e1ln\u00edmu fyzick\u00e9mu a psychick\u00e9mu stavu bude jednozna\u010dn\u011b skv\u011ble da\u0159it. Jednotliv\u00e9 s\u00e9rie odpo\u010dinkov\u00fdch &hellip; ","datePublished":"2025-03-01","dateModified":"2025-03-01","author":{"@type":"Person","@id":"https:\/\/teit.cz\/author\/#Person","name":"","url":"https:\/\/teit.cz\/author\/","identifier":1,"image":{"@type":"ImageObject","@id":"https:\/\/secure.gravatar.com\/avatar\/2d2e3fdaba6370eba756fb4048c695326686ff29010a0df4d58b27c20544521d?s=96&d=mm&r=g","url":"https:\/\/secure.gravatar.com\/avatar\/2d2e3fdaba6370eba756fb4048c695326686ff29010a0df4d58b27c20544521d?s=96&d=mm&r=g","height":96,"width":96}},"publisher":{"@type":"Organization","name":"teit.cz","logo":{"@type":"ImageObject","@id":"\/logo.png","url":"\/logo.png","width":600,"height":60}},"url":"https:\/\/teit.cz\/privatni-sauna\/","wordCount":158,"articleBody":"Seznamte se s popul\u00e1rn\u00edmi formami relaxa\u010dn\u00edch teori\u00ed, kter\u00e9 V\u00e1m prakticky na Va\u0161em t\u011ble i du\u0161i p\u0159edvede priv\u00e1tn\u00ed sauna.Zaj\u00edmejte se o intenzivn\u00ed u\u017eitek, kter\u00fd do Va\u0161eho \u017eivota vnese priv\u00e1tn\u00ed sauna. V such\u00e9m hork\u00e9m vzduchu se Va\u0161im kloub\u016fm, sval\u016fm, vnit\u0159n\u00edm org\u00e1n\u016fm, poko\u017ece i celkov\u00e9mu aktu\u00e1ln\u00edmu fyzick\u00e9mu a psychick\u00e9mu stavu bude jednozna\u010dn\u011b skv\u011ble da\u0159it. Jednotliv\u00e9 s\u00e9rie odpo\u010dinkov\u00fdch terapi\u00ed si p\u0159itom m\u016f\u017eete u\u017e\u00edt v soukrom\u00ed s Va\u0161\u00edm partnerem, rodinou, p\u0159\u00e1teli a zn\u00e1m\u00fdmi. Sta\u010d\u00ed si jen dispozi\u010dn\u00ed prostory rezervovat pro Va\u0161i pot\u0159ebu.Saunov\u00e1n\u00ed po finsk\u00e9m zp\u016fsobuKompletn\u00ed vybaven\u00ed pro vyu\u017e\u00edv\u00e1n\u00ed kvalit hork\u00e9ho vzduchu obsahuje priv\u00e1tn\u00ed sauna zaveden\u00e9ho relaxa\u010dn\u00edho centra, kter\u00e9 holduje hesl\u016fm profesionality a diskr\u00e9tnosti.                                                                                                                                                                                                                                                                                                                                                                                                "},{"@context":"https:\/\/schema.org\/","@type":"BreadcrumbList","itemListElement":[{"@type":"ListItem","position":1,"name":"Priv\u00e1tn\u00ed sauna","item":"https:\/\/teit.cz\/privatni-sauna\/#breadcrumbitem"}]}]