[{"@context":"https:\/\/schema.org\/","@type":"Article","@id":"https:\/\/teit.cz\/stehovani-ve-stredu\/#Article","mainEntityOfPage":"https:\/\/teit.cz\/stehovani-ve-stredu\/","headline":"St\u011bhov\u00e1n\u00ed ve st\u0159edu","name":"St\u011bhov\u00e1n\u00ed ve st\u0159edu","description":"Kdybych si mohl vybrat term\u00edn st\u011bhovac\u00ed akce, v prvn\u00ed \u0159ad\u011b by \u0161lo o st\u011bhov\u00e1n\u00ed na ja\u0159e nebo na podzim. V t\u00e9to dob\u011b toti\u017e v\u00fdrazn\u011b kles\u00e1 pravd\u011bpodobnost, \u017ee v\u00e1s zastihnou tropick\u00e9 teploty nebo mraziv\u00e9 po\u010das\u00ed s mo\u017en\u00fdm n\u00e1led\u00edm na silnic\u00edch. A pokud bych mohl ovlivnit i v\u00fdb\u011br dne v t\u00fddnu, jednozna\u010dn\u011b bych dal p\u0159ednost st\u0159ed\u011b. A &hellip; ","datePublished":"2026-02-04","dateModified":"2026-02-04","author":{"@type":"Person","@id":"https:\/\/teit.cz\/author\/#Person","name":"","url":"https:\/\/teit.cz\/author\/","identifier":1,"image":{"@type":"ImageObject","@id":"https:\/\/secure.gravatar.com\/avatar\/2d2e3fdaba6370eba756fb4048c695326686ff29010a0df4d58b27c20544521d?s=96&d=mm&r=g","url":"https:\/\/secure.gravatar.com\/avatar\/2d2e3fdaba6370eba756fb4048c695326686ff29010a0df4d58b27c20544521d?s=96&d=mm&r=g","height":96,"width":96}},"publisher":{"@type":"Organization","name":"teit.cz","logo":{"@type":"ImageObject","@id":"\/logo.png","url":"\/logo.png","width":600,"height":60}},"image":{"@type":"ImageObject","@id":"https:\/\/teit.cz\/wp-content\/uploads\/poster-4122775_640_10_7.jpg","url":"https:\/\/teit.cz\/wp-content\/uploads\/poster-4122775_640_10_7.jpg","height":0,"width":0},"url":"https:\/\/teit.cz\/stehovani-ve-stredu\/","wordCount":442,"articleBody":"            Kdybych si mohl vybrat term\u00edn st\u011bhovac\u00ed akce, v prvn\u00ed \u0159ad\u011b by \u0161lo o st\u011bhov\u00e1n\u00ed na ja\u0159e nebo na podzim. V t\u00e9to dob\u011b toti\u017e v\u00fdrazn\u011b kles\u00e1 pravd\u011bpodobnost, \u017ee v\u00e1s zastihnou tropick\u00e9 teploty nebo mraziv\u00e9 po\u010das\u00ed s mo\u017en\u00fdm n\u00e1led\u00edm na silnic\u00edch. A pokud bych mohl ovlivnit i v\u00fdb\u011br dne v t\u00fddnu, jednozna\u010dn\u011b bych dal p\u0159ednost st\u0159ed\u011b. A pro\u010d zrovna st\u011bhov\u00e1n\u00ed ve st\u0159edu?T\u0159i dny volna. U st\u011bhov\u00e1n\u00ed pova\u017euji za obt\u00ed\u017en\u011bj\u0161\u00ed obdob\u00ed dobu zabydlov\u00e1n\u00ed na nov\u00e9m p\u016fsobi\u0161ti po proveden\u00ed st\u011bhovac\u00ed akce. Pr\u00e1v\u011b proto bych vyu\u017eil st\u011bhov\u00e1n\u00ed ve st\u0159edu s t\u00edm, \u017ee ve \u010dtvrtek a v p\u00e1tek bych si vzal volno a m\u011bl bych spolu se sobotou a ned\u011bl\u00ed celkem \u010dty\u0159i dny na vybalov\u00e1n\u00ed v\u011bc\u00ed a zabydlov\u00e1n\u00ed na nov\u00e9m m\u00edst\u011b.L\u00e1me se pracovn\u00ed t\u00fdden. Rozhodn\u011b bych se nest\u011bhoval v pond\u011bl\u00ed r\u00e1no, kdy za\u010d\u00edn\u00e1 nov\u00fd pracovn\u00ed t\u00fdden a mnoho lid\u00ed kv\u016fli tomu m\u016f\u017ee m\u00edt mizernou n\u00e1ladu, co\u017e se m\u016f\u017ee prom\u00edtnout do atmosf\u00e9ry st\u011bhovac\u00edho procesu. St\u0159eda je na tom mnohem l\u00e9pe, proto\u017ee u\u017e zb\u00fdv\u00e1 jen \u010dtvrtek a p\u00e1tek a nadch\u00e1z\u00ed o\u010dek\u00e1van\u00fd voln\u00fd v\u00edkend.Automobilov\u00fd provoz. Na st\u011bhov\u00e1n\u00ed v Praze bych si nevyb\u00edral p\u00e1tek a ned\u011bli, kdy m\u016f\u017ee b\u00fdt pom\u011brn\u011b siln\u00fd automobilov\u00fd provoz. Tak\u017ee kdy\u017e vylou\u010d\u00edm i pond\u011bl\u00ed a \u00fater\u00fd kv\u016fli po\u010d\u00e1tku nov\u00e9ho pracovn\u00edho t\u00fddne, zb\u00fdv\u00e1 mi pro ide\u00e1ln\u00ed st\u011bhov\u00e1n\u00ed u\u017e jen st\u0159eda a \u010dtvrtek.St\u011bhov\u00e1n\u00ed v noci. Jistou mo\u017enost\u00ed pro pohodov\u00e9 st\u011bhov\u00e1n\u00ed m\u016f\u017ee b\u00fdt i no\u010dn\u00ed akce. Tu bych vyu\u017eil nap\u0159\u00edklad v dob\u011b, kdy hroz\u00ed letn\u00ed tropy. Vyhnul bych se t\u00edm nep\u0159\u00edjemn\u00e9mu vedru a st\u011bhoval se v no\u010dn\u00edch hodin\u00e1ch, kdy je teplota ovzdu\u0161\u00ed mnohem p\u0159\u00edjemn\u011bj\u0161\u00ed. Dal\u0161\u00edm d\u016fvodem no\u010dn\u00edho st\u011bhov\u00e1n\u00ed by mohly b\u00fdt \u0161patn\u00e9 vztahy mezi lidmi v bytov\u00e9m dom\u011b. V noci je docela pravd\u011bpodobn\u00e9, \u017ee bych se s t\u011bmito lidmi z domu nepotkal, ov\u0161em podot\u00fdk\u00e1m, \u017ee by st\u011bhov\u00e1n\u00ed muselo prob\u00edhat v naprost\u00e9 tichosti, aby se ti lid\u00e9 nevzbudili, co\u017e by pak mohlo zp\u016fsobit nep\u0159\u00edjemn\u00fd konflikt. A \u010d\u00edm m\u00e9n\u011b konflikt\u016f, t\u00edm m\u00e9n\u011b stresu.                                                                                                                                                                                                                                                                                                                                                                                                  "},{"@context":"https:\/\/schema.org\/","@type":"BreadcrumbList","itemListElement":[{"@type":"ListItem","position":1,"name":"St\u011bhov\u00e1n\u00ed ve st\u0159edu","item":"https:\/\/teit.cz\/stehovani-ve-stredu\/#breadcrumbitem"}]}]