[{"@context":"https:\/\/schema.org\/","@type":"Article","@id":"https:\/\/teit.cz\/zazraky-primo-pred-vasima-ocima\/#Article","mainEntityOfPage":"https:\/\/teit.cz\/zazraky-primo-pred-vasima-ocima\/","headline":"Z\u00e1zraky p\u0159\u00edmo p\u0159ed va\u0161ima o\u010dima","name":"Z\u00e1zraky p\u0159\u00edmo p\u0159ed va\u0161ima o\u010dima","description":"Otv\u00edr\u00e1te sv\u016fj vlastn\u00ed podnik, na kter\u00fd jste si l\u00e9ta \u0161et\u0159ili pen\u00edze a nyn\u00ed se V\u00e1m ho poda\u0159ilo zrealizovat? Je Va\u0161e otv\u00edrac\u00ed party pojata skute\u010dn\u011b velkolep\u011b, chcete, aby na ni lid\u00e9 nezapomn\u011bli a naopak d\u00edky n\u00ed se k V\u00e1m r\u00e1di vraceli? Nem\u011bl by na n\u00ed tedy chyb\u011bt kouzeln\u00edk. Kouzeln\u00edk je prvkem, kter\u00fd snad nikoho neuraz\u00ed a &hellip; ","datePublished":"2025-03-05","dateModified":"2025-03-05","author":{"@type":"Person","@id":"https:\/\/teit.cz\/author\/#Person","name":"","url":"https:\/\/teit.cz\/author\/","identifier":1,"image":{"@type":"ImageObject","@id":"https:\/\/secure.gravatar.com\/avatar\/2d2e3fdaba6370eba756fb4048c695326686ff29010a0df4d58b27c20544521d?s=96&d=mm&r=g","url":"https:\/\/secure.gravatar.com\/avatar\/2d2e3fdaba6370eba756fb4048c695326686ff29010a0df4d58b27c20544521d?s=96&d=mm&r=g","height":96,"width":96}},"publisher":{"@type":"Organization","name":"teit.cz","logo":{"@type":"ImageObject","@id":"\/logo.png","url":"\/logo.png","width":600,"height":60}},"url":"https:\/\/teit.cz\/zazraky-primo-pred-vasima-ocima\/","wordCount":205,"articleBody":"Otv\u00edr\u00e1te sv\u016fj vlastn\u00ed podnik, na kter\u00fd jste si l\u00e9ta \u0161et\u0159ili pen\u00edze a nyn\u00ed se V\u00e1m ho poda\u0159ilo zrealizovat? Je Va\u0161e otv\u00edrac\u00ed party pojata skute\u010dn\u011b velkolep\u011b, chcete, aby na ni lid\u00e9 nezapomn\u011bli a naopak d\u00edky n\u00ed se k V\u00e1m r\u00e1di vraceli? Nem\u011bl by na n\u00ed tedy chyb\u011bt kouzeln\u00edk. Kouzeln\u00edk je prvkem, kter\u00fd snad nikoho neuraz\u00ed a snad ka\u017ed\u00fd alespo\u0148 n\u011bkter\u00e9 z jeho \u010d\u00edsel m\u00e1 v oblib\u011b. A\u0165 je to ji\u017e n\u011bkter\u00e9 z kouzel vylo\u017een\u011b d\u011btsk\u00fdch \u010di n\u011bkter\u00e9 vystoupen\u00ed vhodn\u00e9 sp\u00ed\u0161e pro dosp\u011bl\u00e9 div\u00e1ky, kte\u0159\u00ed se na kouzlen\u00ed pod\u00edlej\u00ed vlastn\u00edmi p\u0159edm\u011bty, je\u017e jsou kouzeln\u00edkovi d\u00e1ny k dispozici. Vhodn\u00e1 z\u00e1bava A nav\u00edc kouzeln\u00edk nejen\u017ee neuraz\u00ed, n\u00fdbr\u017e t\u00e9m\u011b\u0159 ka\u017ed\u00fd m\u00e1 jeho kousky p\u0159\u00edmo r\u00e1d. Ka\u017ed\u00fd je zv\u011bdav\u00fd, co bude m\u00edt mo\u017enost shl\u00e9dnout, a\u0165 u\u017e v pozitivn\u00edm o\u010dek\u00e1v\u00e1n\u00ed nebo z d\u016fvodu kritiky, \u017ee to \u010di ono je ji\u017e p\u0159ece d\u00e1vno zn\u00e1m\u00e9 a onen doty\u010dn\u00fd by to um\u011bl tak\u00e9, dozajista l\u00e9pe.                                                                                                                                                                                                                                                                                                                                                                                                "},{"@context":"https:\/\/schema.org\/","@type":"BreadcrumbList","itemListElement":[{"@type":"ListItem","position":1,"name":"Z\u00e1zraky p\u0159\u00edmo p\u0159ed va\u0161ima o\u010dima","item":"https:\/\/teit.cz\/zazraky-primo-pred-vasima-ocima\/#breadcrumbitem"}]}]